{"id":1093,"date":"2025-03-17T14:53:31","date_gmt":"2025-03-17T14:53:31","guid":{"rendered":"https:\/\/salasscd.cl\/sitio\/?p=1093"},"modified":"2025-03-17T14:56:00","modified_gmt":"2025-03-17T14:56:00","slug":"concierto-737-davgar-trayecto-invitan-a-una-experiencia-que-fusiona-musica-teatro-y-danza","status":"publish","type":"post","link":"https:\/\/salasscd.cl\/sitio\/noticia\/concierto-737-davgar-trayecto-invitan-a-una-experiencia-que-fusiona-musica-teatro-y-danza\/","title":{"rendered":"Concierto 737: Davgar &amp; Trayecto invitan a una experiencia que fusiona m\u00fasica, teatro y danza"},"content":{"rendered":"\n<p>El pr\u00f3ximo 15 de marzo, la&nbsp;<a href=\"https:\/\/www.instagram.com\/salas_scd\/\" target=\"_blank\" rel=\"noreferrer noopener\"><strong>Sala SCD Ega\u00f1a<\/strong><\/a>&nbsp;se transformar\u00e1 en un portal hacia el mundo de los sue\u00f1os con el concierto de&nbsp;<strong><a rel=\"noreferrer noopener\" href=\"https:\/\/www.instagram.com\/davgarfoster\/\" target=\"_blank\">Davgar<\/a>&nbsp;&amp; Trayecto.<\/strong>&nbsp;Presentando su&nbsp;<strong>\u00e1lbum conceptual \u201c737\u201d,&nbsp;<\/strong>esta experiencia inmersiva promete llevar al p\u00fablico a un viaje emocional a trav\u00e9s de la m\u00fasica, el teatro y la danza, explorando el simbolismo del tarot y la magia de los sue\u00f1os.<\/p>\n\n\n\n<p>La productora musical y una so\u00f1adora desde peque\u00f1a,&nbsp;<strong>decidi\u00f3 transformar sus v\u00edvidos sue\u00f1os en canciones.&nbsp;<\/strong>En 2019, conoci\u00f3 a Trayecto y juntos comenzaron a componer, creando sonidos que adentran al oyente en un mundo on\u00edrico.&nbsp;<em>737&nbsp;<\/em>es el resultado de esta colaboraci\u00f3n,&nbsp;<strong>una liberaci\u00f3n de emociones y una atm\u00f3sfera musical que relata cada situaci\u00f3n so\u00f1ada.<\/strong><\/p>\n\n\n\n<p>Cada canci\u00f3n del \u00e1lbum est\u00e1 vinculada a una carta del tarot, un proceso que&nbsp;<a href=\"https:\/\/open.spotify.com\/intl-es\/artist\/3fDyXcHR5LgNZw27QGOCjb?si=EXY8xmONRpCEOqafrmdJYg\" target=\"_blank\" rel=\"noreferrer noopener\">Davgar<\/a>&nbsp;describe como entretenido y simb\u00f3lico.&nbsp;<strong>\u201cLos sue\u00f1os contienen mucha simbolog\u00eda, y me encanta profundizar en esos temas\u201d, explica.<\/strong>&nbsp;Utilizando las cartas del tarot como en una lectura,&nbsp;<strong>la artista nacional visualizaba cada composici\u00f3n y sacaba una carta al azar, encontrando que el significado de esta coincid\u00eda perfectamente con la esencia del tema.<\/strong>&nbsp;Este disco tambi\u00e9n fue una exploraci\u00f3n de su ni\u00f1ez y un proceso de desaprender, jugando y equivoc\u00e1ndose en el camino.<\/p>\n\n\n\n<p>Los asistentes al concierto del 15 de marzo pueden esperar una experiencia completa seg\u00fan relata su protagonista.&nbsp;<strong>\u201c<em>737&nbsp;<\/em>es una experiencia\u201d, afirma Davgar.<\/strong>&nbsp;La presentaci\u00f3n mezclar\u00e1 danza, teatro y m\u00fasica en vivo, creando un ambiente de misterio y sorpresa. \u201cPasamos por muchas emociones a lo largo de la presentaci\u00f3n, y algo interesante e inesperado puede pasar en cualquier momento\u201d.<\/p>\n\n\n\n<figure class=\"wp-block-gallery has-nested-images columns-default is-cropped wp-block-gallery-1 is-layout-flex wp-block-gallery-is-layout-flex\">\n<figure class=\"wp-block-image size-large\"><img fetchpriority=\"high\" decoding=\"async\" width=\"1000\" height=\"1000\" data-id=\"1094\" src=\"https:\/\/salasscd.cl\/sitio\/wp-content\/uploads\/2025\/03\/davgar2final.png\" alt=\"\" class=\"wp-image-1094\"\/><\/figure>\n<\/figure>\n\n\n\n<p>El \u00e1lbum y las presentaciones en vivo de&nbsp;<em>737<\/em>&nbsp;buscan tocar el coraz\u00f3n del p\u00fablico.&nbsp;<strong>\u201cEste \u00e1lbum es para hacer click o para disfrutarlo visualmente, depende mucho de la situaci\u00f3n en la que est\u00e9s para que algo cambie en ti\u201d,&nbsp;<\/strong>dice Davgar. La intenci\u00f3n es inspirar y esparcir el arte, la cultura y las emociones que llevan dentro. \u201cEl arte nos une, nos mueve y nos saca de muchos lugares oscuros. Ojal\u00e1 lo disfruten tanto como yo\u201d.<\/p>\n\n\n\n<p>No te pierdas la oportunidad de vivir esta experiencia \u00fanica el 15 de marzo en la Sala SCD Ega\u00f1a. Las entradas est\u00e1n disponibles en<strong>&nbsp;<a href=\"https:\/\/portaldisc.com\/evento\/davgarytrayectoensalascdegana\" target=\"_blank\" rel=\"noreferrer noopener\">PortalTickets<\/a>.<\/strong><\/p>\n","protected":false},"excerpt":{"rendered":"<p>El pr\u00f3ximo 15 de marzo, la Sala SCD Ega\u00f1a se transformar\u00e1 en un portal hacia el mundo de los sue\u00f1os con el concierto de Davgar &#038; Trayecto. Presentando su \u00e1lbum conceptual \u201c737\u201d, esta experiencia inmersiva promete llevar al p\u00fablico a un viaje emocional a trav\u00e9s de la m\u00fasica, el teatro y la danza, explorando el simbolismo del tarot y la magia de los sue\u00f1os.<\/p>\n","protected":false},"author":1,"featured_media":1095,"comment_status":"open","ping_status":"closed","sticky":false,"template":"","format":"standard","meta":{"_acf_changed":false,"footnotes":""},"categories":[15,14],"tags":[],"class_list":["post-1093","post","type-post","status-publish","format-standard","has-post-thumbnail","hentry","category-destacada","category-noticia"],"acf":[],"_links":{"self":[{"href":"https:\/\/salasscd.cl\/sitio\/wp-json\/wp\/v2\/posts\/1093","targetHints":{"allow":["GET"]}}],"collection":[{"href":"https:\/\/salasscd.cl\/sitio\/wp-json\/wp\/v2\/posts"}],"about":[{"href":"https:\/\/salasscd.cl\/sitio\/wp-json\/wp\/v2\/types\/post"}],"author":[{"embeddable":true,"href":"https:\/\/salasscd.cl\/sitio\/wp-json\/wp\/v2\/users\/1"}],"replies":[{"embeddable":true,"href":"https:\/\/salasscd.cl\/sitio\/wp-json\/wp\/v2\/comments?post=1093"}],"version-history":[{"count":1,"href":"https:\/\/salasscd.cl\/sitio\/wp-json\/wp\/v2\/posts\/1093\/revisions"}],"predecessor-version":[{"id":1096,"href":"https:\/\/salasscd.cl\/sitio\/wp-json\/wp\/v2\/posts\/1093\/revisions\/1096"}],"wp:featuredmedia":[{"embeddable":true,"href":"https:\/\/salasscd.cl\/sitio\/wp-json\/wp\/v2\/media\/1095"}],"wp:attachment":[{"href":"https:\/\/salasscd.cl\/sitio\/wp-json\/wp\/v2\/media?parent=1093"}],"wp:term":[{"taxonomy":"category","embeddable":true,"href":"https:\/\/salasscd.cl\/sitio\/wp-json\/wp\/v2\/categories?post=1093"},{"taxonomy":"post_tag","embeddable":true,"href":"https:\/\/salasscd.cl\/sitio\/wp-json\/wp\/v2\/tags?post=1093"}],"curies":[{"name":"wp","href":"https:\/\/api.w.org\/{rel}","templated":true}]}}