{"id":1480,"date":"2025-04-29T20:30:14","date_gmt":"2025-04-29T20:30:14","guid":{"rendered":"https:\/\/salasscd.cl\/sitio\/?p=1480"},"modified":"2025-04-29T20:31:31","modified_gmt":"2025-04-29T20:31:31","slug":"tango-samba-y-folclore-en-vivo-ritmos-de-toda-latinoamerica-aterrizan-en-sala-scd-egana","status":"publish","type":"post","link":"https:\/\/salasscd.cl\/sitio\/noticia\/tango-samba-y-folclore-en-vivo-ritmos-de-toda-latinoamerica-aterrizan-en-sala-scd-egana\/","title":{"rendered":"Tango, samba y folclore en vivo: ritmos de toda Latinoam\u00e9rica aterrizan en Sala SCD Ega\u00f1a"},"content":{"rendered":"\n<p class=\"wp-block-paragraph\"><strong><em>Un viaje sonoro por el sur del continente, rescatando algunos de sus ritmos m\u00e1s representativos, es lo que durante mayo se vivir\u00e1 en la sala de Mall Plaza Ega\u00f1a, con propuestas llenas de identidad, historia y tradici\u00f3n.<\/em><\/strong><\/p>\n\n\n\n<p class=\"wp-block-paragraph\"><\/p>\n\n\n\n<p class=\"wp-block-paragraph\">Sala SCD Ega\u00f1a ser\u00e1 el escenario del nuevo ciclo&nbsp;<strong><em>Tradiciones de Latinoam\u00e9rica<\/em>&nbsp;<\/strong>, una celebraci\u00f3n de los ritmos m\u00e1s emblem\u00e1ticos del sur del continente que se desarrollar\u00e1 durante todos los s\u00e1bados de mayo. A trav\u00e9s de cuatro conciertos el p\u00fablico podr\u00e1 sumergirse en la riqueza cultural de pa\u00edses como Argentina, Brasil y Chile, con propuestas art\u00edsticas que mezclan tradici\u00f3n, innovaci\u00f3n y un profundo sentido de pertenencia.<\/p>\n\n\n\n<p class=\"wp-block-paragraph\">El ciclo abrir\u00e1 el&nbsp;<strong>s\u00e1bado 3 de mayo<\/strong>&nbsp;con&nbsp;<strong>Piazzollamente en Concierto<\/strong>&nbsp;, una agrupaci\u00f3n que rinde tributo al maestro Astor Piazzolla, fusionando el tango con elementos del jazz y la m\u00fasica contempor\u00e1nea. Con una puesta en escena envolvente y de alto nivel instrumental, Piazzollamente propone un viaje por las emociones del tango nuevo, con obras cl\u00e1sicas como&nbsp;<em>Libertango<\/em>&nbsp;o&nbsp;<em>Adi\u00f3s Nonino<\/em>&nbsp;, reinterpretadas con intensidad y frescura.<\/p>\n\n\n\n<p class=\"wp-block-paragraph\">El&nbsp;<strong>s\u00e1bado 17 de mayo<\/strong>&nbsp;, la presencia femenina ser\u00e1 protagonista con&nbsp;<strong>Se Ela Quiser<\/strong>&nbsp;y su espect\u00e1culo&nbsp;<em>Samba con alma de mujer<\/em>&nbsp;. Este ensamble de m\u00fasicas chilenas reivindica el lugar de las mujeres en la historia del samba y el pagode, con un repertorio que atraviesa grandes compositoras y nuevas voces del Brasil. Su propuesta mezcla fiesta, poes\u00eda y empoderamiento, invitando a cantar, bailar y emocionarse.<\/p>\n\n\n\n<figure class=\"wp-block-image\"><img decoding=\"async\" src=\"https:\/\/staticcl1.fidelizador.com\/scd\/2025\/salas\/seelaquiser%2C%20piazzollamente.png\" alt=\"\"\/><\/figure>\n\n\n\n<p class=\"wp-block-paragraph\">El ciclo contin\u00faa el&nbsp;<strong>s\u00e1bado 24 de mayo<\/strong>&nbsp;con&nbsp;<strong>Carlos V\u00e1zquez<\/strong>&nbsp;con&nbsp;<em>Tango que fuiste y ser\u00e1s<\/em>&nbsp;, un viaje \u00edntimo por la historia del tango rioplatense. Acompa\u00f1ado por una formaci\u00f3n tradicional de guitarra, voz y bandone\u00f3n, V\u00e1zquez ofrece un repertorio cargado de sensibilidad y maestr\u00eda, que va desde Gardel hasta Piazzolla, pasando por tangos menos conocidos que guardan la esencia del barrio, la nostalgia y la pasi\u00f3n.<\/p>\n\n\n\n<p class=\"wp-block-paragraph\">Finalmente, el&nbsp;<strong>s\u00e1bado 31 de mayo<\/strong>&nbsp;, la&nbsp;<strong>Estudiantina La Chimba<\/strong>&nbsp;cerrar\u00e1 el ciclo con&nbsp;<em>De viaje con La Chimba<\/em>&nbsp;, una fiesta sonora que combina cuecas, tonadas, valses y ritmos de toda Am\u00e9rica Latina. Con su caracter\u00edstico esp\u00edritu l\u00fadico, esta agrupaci\u00f3n rescata la figura de la estudiantina tradicional, integrando instrumentos ac\u00fasticos, humor y teatralidad para conectar con el p\u00fablico de todas las edades.<\/p>\n\n\n\n<figure class=\"wp-block-image\"><img decoding=\"async\" src=\"https:\/\/staticcl1.fidelizador.com\/scd\/2025\/salas\/carlosvazquez%2Cestudiantina.png\" alt=\"\"\/><\/figure>\n\n\n\n<p class=\"wp-block-paragraph\"><strong><em>Tradiciones de Latinoam\u00e9rica<\/em>&nbsp;<\/strong>es una invitaci\u00f3n a celebrar las ra\u00edces culturales que nos conectan como regi\u00f3n, a trav\u00e9s de conciertos que combinan respeto por la tradici\u00f3n y b\u00fasqueda de nuevas sonoridades. Un panorama ideal para quienes buscan experiencias musicales aut\u00e9nticas, c\u00e1lidas y llenas de identidad.<\/p>\n\n\n\n<p class=\"wp-block-paragraph\">Las entradas para cada concierto est\u00e1n disponibles en&nbsp;<a href=\"https:\/\/cl1.fidelizador.com\/scd\/campaign\/5831\/preview#\">PortalTickets.cl<\/a>&nbsp;, con precios desde los&nbsp;<strong>$4.000<\/strong>&nbsp;.<\/p>\n\n\n\n<p class=\"wp-block-paragraph\"><\/p>\n","protected":false},"excerpt":{"rendered":"<p>Un viaje sonoro por el sur del continente, rescatando algunos de sus ritmos m\u00e1s representativos, es lo que durante mayo se vivir\u00e1 en la sala de Mall Plaza Ega\u00f1a, con propuestas llenas de identidad, historia y tradici\u00f3n.<\/p>\n","protected":false},"author":1,"featured_media":1481,"comment_status":"closed","ping_status":"closed","sticky":false,"template":"","format":"standard","meta":{"_acf_changed":false,"footnotes":""},"categories":[15,14],"tags":[],"class_list":["post-1480","post","type-post","status-publish","format-standard","has-post-thumbnail","hentry","category-destacada","category-noticia"],"acf":[],"_links":{"self":[{"href":"https:\/\/salasscd.cl\/sitio\/wp-json\/wp\/v2\/posts\/1480","targetHints":{"allow":["GET"]}}],"collection":[{"href":"https:\/\/salasscd.cl\/sitio\/wp-json\/wp\/v2\/posts"}],"about":[{"href":"https:\/\/salasscd.cl\/sitio\/wp-json\/wp\/v2\/types\/post"}],"author":[{"embeddable":true,"href":"https:\/\/salasscd.cl\/sitio\/wp-json\/wp\/v2\/users\/1"}],"replies":[{"embeddable":true,"href":"https:\/\/salasscd.cl\/sitio\/wp-json\/wp\/v2\/comments?post=1480"}],"version-history":[{"count":1,"href":"https:\/\/salasscd.cl\/sitio\/wp-json\/wp\/v2\/posts\/1480\/revisions"}],"predecessor-version":[{"id":1482,"href":"https:\/\/salasscd.cl\/sitio\/wp-json\/wp\/v2\/posts\/1480\/revisions\/1482"}],"wp:featuredmedia":[{"embeddable":true,"href":"https:\/\/salasscd.cl\/sitio\/wp-json\/wp\/v2\/media\/1481"}],"wp:attachment":[{"href":"https:\/\/salasscd.cl\/sitio\/wp-json\/wp\/v2\/media?parent=1480"}],"wp:term":[{"taxonomy":"category","embeddable":true,"href":"https:\/\/salasscd.cl\/sitio\/wp-json\/wp\/v2\/categories?post=1480"},{"taxonomy":"post_tag","embeddable":true,"href":"https:\/\/salasscd.cl\/sitio\/wp-json\/wp\/v2\/tags?post=1480"}],"curies":[{"name":"wp","href":"https:\/\/api.w.org\/{rel}","templated":true}]}}