{"id":2557,"date":"2026-03-10T17:49:27","date_gmt":"2026-03-10T17:49:27","guid":{"rendered":"https:\/\/salasscd.cl\/sitio\/?p=2557"},"modified":"2026-03-10T17:49:27","modified_gmt":"2026-03-10T17:49:27","slug":"camila-vaccaro-presenta-en-concierto-su-tercer-disco-el-gabinete-de-las-condenadas","status":"publish","type":"post","link":"https:\/\/salasscd.cl\/sitio\/noticia\/camila-vaccaro-presenta-en-concierto-su-tercer-disco-el-gabinete-de-las-condenadas\/","title":{"rendered":"Camila Vaccaro presenta en concierto su tercer disco \u201cEl Gabinete de las Condenadas\u201d"},"content":{"rendered":"\n<p>La compositora, ganadora del Premio Pulsar a <strong>Mejor Cantautora 2024<\/strong>, Camila Vaccaro, se presentar\u00e1 junto a su banda <strong>Los Reales<\/strong> el <strong>jueves 26 de marzo, a las 20:30 horas<\/strong>, en <strong>Sala SCD Ega\u00f1a, <\/strong>como parte de la programaci\u00f3n 100% dedicada a mujeres.\u00a0<\/p>\n\n\n\n<p>Consolidada como una de las voces m\u00e1s singulares y arriesgadas de la nueva canci\u00f3n chilena, <strong>Camila Vaccaro<\/strong> vuelve a los escenarios con una obra que cruza m\u00fasica, memoria hist\u00f3rica y puesta en escena, en un espect\u00e1culo que trasciende el formato concierto para transformarse en una experiencia esc\u00e9nica inmersiva.<\/p>\n\n\n\n<p>&nbsp;El concierto se realizar\u00e1 el jueves 26 de marzo, a las 20:30 hrs. en la Sala SCD Ega\u00f1a y las entradas ya est\u00e1n a la venta en portaldisc.com.<\/p>\n\n\n\n<p><strong><em>El Gabinete de las Condenadas<\/em><\/strong> es un proyecto musical y perform\u00e1tico que rinde homenaje a <strong>siete mujeres de distintas \u00e9pocas de la historia de Chile<\/strong>, cuyas vidas fueron marcadas por la condena social, judicial, religiosa o medi\u00e1tica. A dos a\u00f1os de su lanzamiento discogr\u00e1fico, la obra se reactiva en escena como un ejercicio art\u00edstico de memoria, justicia simb\u00f3lica y reflexi\u00f3n cr\u00edtica sobre el lugar de las mujeres en la historia oficial.<\/p>\n\n\n\n<p><em>\u201cEste concierto es historia, es educaci\u00f3n. En tiempos de tanto negacionismo, se vuelve un espacio de memoria y experiencia significativa. Un espacio sensible que es importante que exista\u201d,<\/em> expresa Camila Vaccaro.<\/p>\n\n\n\n<p>Lejos de la estructura tradicional del recital, la experiencia comienza en el espacio de recepci\u00f3n, donde el p\u00fablico puede recorrer la sala leyendo las semblanzas de las mujeres que inspiran cada canci\u00f3n, junto a citas y textos reunidos durante el proceso de investigaci\u00f3n. Estas rese\u00f1as, elaboradas junto a Paola Mi\u00f1o, permiten un primer acercamiento al universo conceptual del proyecto.<\/p>\n\n\n\n<p>En este mismo espacio, las y los asistentes pueden dejar su propia \u201ccondena\u201d en un buz\u00f3n secreto, incorpor\u00e1ndose activamente a la dimensi\u00f3n colectiva y viva de esta obra en permanente mutaci\u00f3n.<\/p>\n\n\n\n<h2 class=\"wp-block-heading\"><strong>Un disco como acto de memoria<\/strong><\/h2>\n\n\n\n<p>Publicado en 2024, <em>El Gabinete de las Condenadas<\/em> es la <strong>tercera producci\u00f3n fonogr\u00e1fica<\/strong> de Camila Vaccaro. El \u00e1lbum re\u00fane siete historias de mujeres \u2014Rosa Fa\u00fandez, Carmen Mar\u00edn, Mar\u00eda Soledad Opazo, Mar\u00eda del Carmen Mart\u00ednez, Mar\u00eda Ang\u00e9lica Andreoli Bravo, Mar\u00eda Hern\u00e1ndez \u201cLa Pulga\u201d y \u201cLa del Patio\u201d\u2014, adem\u00e1s de cuatro temas que funcionan como marco narrativo de una historia mayor.<\/p>\n\n\n\n<p>Musicalmente, el disco transita por una paleta diversa que dialoga con el folclor (<em>Las Condenadas<\/em>), la ranchera (<em>El Abrazo del Vino<\/em>), el rock de ra\u00edz (<em>La Desviada<\/em>) y la reflexi\u00f3n identitaria (<em>Chile<\/em>), consolidando un lenguaje propio donde convergen la canci\u00f3n popular, la experimentaci\u00f3n sonora y la po\u00e9tica social.<\/p>\n\n\n\n<p>El \u00e1lbum fue grabado en vivo durante el invierno de 2023 en <strong>Estudios La Makinita<\/strong>, y su arte visual estuvo a cargo de <strong>Carla Vaccaro<\/strong>, quien junto a Paola Mi\u00f1o desarroll\u00f3 adem\u00e1s un <strong>fanzine ilustrado<\/strong> que acompa\u00f1a el proyecto, integrando imagen, texto y m\u00fasica en una propuesta editorial expandida.<\/p>\n\n\n\n<h2 class=\"wp-block-heading\"><strong>Trayectoria<\/strong><\/h2>\n\n\n\n<p>Camila Vaccaro es compositora, int\u00e9rprete e instrumentista chilena. Su trabajo fusiona la palabra con sonoridades del acorde\u00f3n, piano, jarana y bombo leg\u00fcero. Ha publicado los discos La Bruja (2018), Drama Dram\u00e1tica (2023) y El Gabinete de las Condenadas (2024), consolidando un lenguaje propio donde dialogan la m\u00fasica popular, el rock y la improvisaci\u00f3n.<\/p>\n\n\n\n<p>La banda Los Reales est\u00e1 integrada por Rodrigo Rojas en guitarra el\u00e9ctrica, Ed\u00e9n Carrasco en saxo y bajo el\u00e9ctrico y Pancho Craddock en bater\u00eda.<\/p>\n\n\n\n<p><strong>El Gabinete de las Condenadas en Concierto<\/strong><\/p>\n\n\n\n<p>&nbsp;Lugar: Sala SCD Ega\u00f1a<br>Fecha: Mi\u00e9rcoles 26 de marzo de 2026<br>Apertura de puertas: 20:00 hrs<br>Inicio del concierto: 20:30 hrs<br>T\u00e9rmino aproximado: 21:30 hrs<\/p>\n\n\n\n<p>&nbsp;Entradas:<a href=\"https:\/\/portaldisc.com\/evento\/camilavaccaro-scdegana\"> https:\/\/portaldisc.com\/evento\/camilavaccaro-scdegana<\/a><\/p>\n\n\n\n<p><\/p>\n\n\n\n<p>Conoce m\u00e1s sobre el concierto y la m\u00fasica de Camila Vaccaro en las redes sociales de @elgabinetedelascondenadas y @camilavaccaro.musica y en la&nbsp; web de <a href=\"http:\/\/www.camilavaccaro.com\">www.camilavaccaro.com<\/a><strong>.&nbsp;<\/strong><\/p>\n","protected":false},"excerpt":{"rendered":"<p>La compositora, ganadora del Premio Pulsar a Mejor Cantautora 2024, Camila Vaccaro, se presentar\u00e1 junto a su banda Los Reales el jueves 26 de marzo, a las 20:30 horas, en Sala SCD Ega\u00f1a, como parte de la programaci\u00f3n 100% dedicada a mujeres.\u00a0<\/p>\n","protected":false},"author":1,"featured_media":2558,"comment_status":"closed","ping_status":"","sticky":false,"template":"","format":"standard","meta":{"_acf_changed":false,"footnotes":""},"categories":[15,14],"tags":[],"class_list":["post-2557","post","type-post","status-publish","format-standard","has-post-thumbnail","hentry","category-destacada","category-noticia"],"acf":[],"_links":{"self":[{"href":"https:\/\/salasscd.cl\/sitio\/wp-json\/wp\/v2\/posts\/2557","targetHints":{"allow":["GET"]}}],"collection":[{"href":"https:\/\/salasscd.cl\/sitio\/wp-json\/wp\/v2\/posts"}],"about":[{"href":"https:\/\/salasscd.cl\/sitio\/wp-json\/wp\/v2\/types\/post"}],"author":[{"embeddable":true,"href":"https:\/\/salasscd.cl\/sitio\/wp-json\/wp\/v2\/users\/1"}],"replies":[{"embeddable":true,"href":"https:\/\/salasscd.cl\/sitio\/wp-json\/wp\/v2\/comments?post=2557"}],"version-history":[{"count":1,"href":"https:\/\/salasscd.cl\/sitio\/wp-json\/wp\/v2\/posts\/2557\/revisions"}],"predecessor-version":[{"id":2559,"href":"https:\/\/salasscd.cl\/sitio\/wp-json\/wp\/v2\/posts\/2557\/revisions\/2559"}],"wp:featuredmedia":[{"embeddable":true,"href":"https:\/\/salasscd.cl\/sitio\/wp-json\/wp\/v2\/media\/2558"}],"wp:attachment":[{"href":"https:\/\/salasscd.cl\/sitio\/wp-json\/wp\/v2\/media?parent=2557"}],"wp:term":[{"taxonomy":"category","embeddable":true,"href":"https:\/\/salasscd.cl\/sitio\/wp-json\/wp\/v2\/categories?post=2557"},{"taxonomy":"post_tag","embeddable":true,"href":"https:\/\/salasscd.cl\/sitio\/wp-json\/wp\/v2\/tags?post=2557"}],"curies":[{"name":"wp","href":"https:\/\/api.w.org\/{rel}","templated":true}]}}